{"id":5652,"date":"2026-08-29T09:34:14","date_gmt":"2026-08-29T07:34:14","guid":{"rendered":"https:\/\/xn--ferbk-vra.dk\/?p=5652"},"modified":"2026-08-29T16:45:09","modified_gmt":"2026-08-29T14:45:09","slug":"brev-til-skatteministeren-om-vurdering-af-faellesareal","status":"publish","type":"post","link":"https:\/\/xn--ferbk-vra.dk\/index.php\/2026\/08\/29\/brev-til-skatteministeren-om-vurdering-af-faellesareal\/","title":{"rendered":"Brev til skatteministeren om vurdering af f\u00e6llesareal"},"content":{"rendered":"\n<p class=\"wp-block-paragraph\">P\u00e5 \u00e5rets generalforsamling blev der (igen) orienteret om den meget forsinkede vurdering af ejerlaugets f\u00e6llesareal. I 2025 skrev bestyrelsen til 2 skatteministre for at f\u00e5 oplyst, hvordan fredede f\u00e6llesarealer bliver vurderet. Dog uden tilfredsstillende svar. Tilsvarende har vi oplevet ved kontakt til Vurderingsstyrelsen.<\/p>\n\n\n\n<p class=\"wp-block-paragraph\">Derfor er der nu sendt et brev til skatte- og v\u00e6kstminister Jacob Engel-Schmidt. I brevet er der stillet en r\u00e6kke konkrete sp\u00f8rgsm\u00e5l, som vi h\u00e5ber vil blive besvaret og samtidig g\u00f8re opm\u00e6rksom p\u00e5 det urimelige i, at vi evt. skal betale grundskyld af arealer, som er bevaret p\u00e5 grund af en offentlig fredningsbeslutning af hensyn til natur, landskab og almenhedens rekreative interesser.<\/p>\n\n\n\n<p class=\"wp-block-paragraph\">Vi har stillet f\u00f8lgende sp\u00f8rgsm\u00e5l:<\/p>\n\n\n\n<ol start=\"1\" class=\"wp-block-list\">\n<li><strong>Er de ca. 86 ha fredede naturarealer, som Ferb\u00e6k Ejerlaug ejer, helt eller delvist fritaget for grundskyld som f\u00f8lge af den g\u00e6ldende fredning?<\/strong><\/li>\n\n\n\n<li>Hvis fredningen ikke i sig selv medf\u00f8rer fritagelse,&nbsp;<strong>hvilken betydning har det da for fasts\u00e6ttelsen af grundv\u00e6rdien og grundskylden, at arealet som f\u00f8lge af fredningen ikke kan anvendes til bebyggelse eller anden almindelig \u00f8konomisk udnyttelse?<\/strong><\/li>\n\n\n\n<li><strong>Kan reglerne om kommunal fritagelse for grundskyld, hvor samfundsm\u00e6ssige hensyn tilsiger, at private grunde ikke bebygges, anvendes p\u00e5 et naturareal som Ferb\u00e6ks, hvor den manglende bebyggelse netop skyldes en offentlig fredning?<\/strong><\/li>\n\n\n\n<li><strong>Har Vurderingsstyrelsen mulighed for at behandle arealerne som naturarealer med en s\u00e6rlig vurderingsm\u00e6ssig status, n\u00e5r arealanvendelsen er permanent begr\u00e6nset af en offentlig fredningsafg\u00f8relse?<\/strong><\/li>\n\n\n\n<li>Hvis der efter de g\u00e6ldende regler ikke er mulighed for fritagelse eller en s\u00e6rlig vurdering,&nbsp;<strong>vil ministeren da overveje, om lovgivningen b\u00f8r \u00e6ndres, s\u00e5 private ejere af permanent fredede naturarealer ikke beskattes p\u00e5 en m\u00e5de, der modvirker form\u00e5let med fredningen?<\/strong><\/li>\n<\/ol>\n\n\n\n<p class=\"wp-block-paragraph\"><\/p>\n\n\n\n<p class=\"wp-block-paragraph\">Hele brevet kan l\u00e6ses <a href=\"https:\/\/xn--ferbk-vra.dk\/wp-content\/uploads\/2026\/08\/Skatteminister-Jacob-Engel-Schmidt.pdf\">her<\/a>.<\/p>\n\n\n\n<p class=\"wp-block-paragraph\"><\/p>\n","protected":false},"excerpt":{"rendered":"<p>P\u00e5 \u00e5rets generalforsamling blev der (igen) orienteret om den meget forsinkede vurdering af ejerlaugets f\u00e6llesareal. I 2025 skrev bestyrelsen til 2 skatteministre for at f\u00e5 oplyst, hvordan fredede f\u00e6llesarealer bliver vurderet. Dog uden tilfredsstillende svar. Tilsvarende har vi oplevet ved kontakt til Vurderingsstyrelsen.<\/p>\n","protected":false},"author":1,"featured_media":3795,"comment_status":"closed","ping_status":"","sticky":false,"template":"elementor_theme","format":"standard","meta":{"_acf_changed":false,"footnotes":""},"categories":[8],"tags":[],"class_list":["post-5652","post","type-post","status-publish","format-standard","has-post-thumbnail","hentry","category-nyheder"],"acf":[],"_links":{"self":[{"href":"https:\/\/xn--ferbk-vra.dk\/index.php\/wp-json\/wp\/v2\/posts\/5652","targetHints":{"allow":["GET"]}}],"collection":[{"href":"https:\/\/xn--ferbk-vra.dk\/index.php\/wp-json\/wp\/v2\/posts"}],"about":[{"href":"https:\/\/xn--ferbk-vra.dk\/index.php\/wp-json\/wp\/v2\/types\/post"}],"author":[{"embeddable":true,"href":"https:\/\/xn--ferbk-vra.dk\/index.php\/wp-json\/wp\/v2\/users\/1"}],"replies":[{"embeddable":true,"href":"https:\/\/xn--ferbk-vra.dk\/index.php\/wp-json\/wp\/v2\/comments?post=5652"}],"version-history":[{"count":5,"href":"https:\/\/xn--ferbk-vra.dk\/index.php\/wp-json\/wp\/v2\/posts\/5652\/revisions"}],"predecessor-version":[{"id":5657,"href":"https:\/\/xn--ferbk-vra.dk\/index.php\/wp-json\/wp\/v2\/posts\/5652\/revisions\/5657"}],"wp:featuredmedia":[{"embeddable":true,"href":"https:\/\/xn--ferbk-vra.dk\/index.php\/wp-json\/wp\/v2\/media\/3795"}],"wp:attachment":[{"href":"https:\/\/xn--ferbk-vra.dk\/index.php\/wp-json\/wp\/v2\/media?parent=5652"}],"wp:term":[{"taxonomy":"category","embeddable":true,"href":"https:\/\/xn--ferbk-vra.dk\/index.php\/wp-json\/wp\/v2\/categories?post=5652"},{"taxonomy":"post_tag","embeddable":true,"href":"https:\/\/xn--ferbk-vra.dk\/index.php\/wp-json\/wp\/v2\/tags?post=5652"}],"curies":[{"name":"wp","href":"https:\/\/api.w.org\/{rel}","templated":true}]}}